{"id":1803,"date":"2018-12-04T10:00:30","date_gmt":"2018-12-04T09:00:30","guid":{"rendered":"http:\/\/flauscheinhorn.mareikeschumacher.de\/?p=1803"},"modified":"2018-12-04T10:00:30","modified_gmt":"2018-12-04T09:00:30","slug":"eine-weihnachtskrippe-haekeln-schritt-4-zweiter-koenig-der-flauschige-adventskalender","status":"publish","type":"post","link":"https:\/\/flauscheinhorn.mareikeschumacher.de\/?p=1803","title":{"rendered":"Eine Weihnachtskrippe h\u00e4keln Schritt 4: zweiter K\u00f6nig (der flauschige Adventskalender)"},"content":{"rendered":"\n<p>H\u00e4kle eine Figur in der <a href=\"https:\/\/flauscheinhorn.mareikeschumacher.de\/eine-weihnachtskrippe-haekeln-schritt-2-grundanleitung-fuer-die-figuren-der-flauschige-adventskalender\/\">Grundanleitung<\/a> und <a href=\"https:\/\/flauscheinhorn.mareikeschumacher.de\/eine-weihnachtskrippe-haekeln-schritt-3-erster-koenig-der-flauschige-adventskalender\/\">Haare<\/a> wie die f\u00fcr den ersten K\u00f6nig. F\u00fcr den Kopf nehme ich ein helles Braun, f\u00fcr das Gewand pink. Die Haare werden wie die f\u00fcr den ersten K\u00f6nig geh\u00e4kelt, den wir gestern gemacht haben, nur heute nehme ich braune Wolle. Die Krone, die diesem K\u00f6nig seine Besonderheit gibt, wird gelb. Grundanleitung und Haare kennst du schon, hier kommt das Muster f\u00fcr die Krone:<\/p>\n\n\n\n<p><strong>Krone<\/strong><\/p>\n\n\n\n<p>1. R: 34 LM, KM zu Ring schlie\u00dfen<br>2. R: 34 FM<br>3. R: 34 FM<br>4. R: 34 FM<br>5. R: *1 M \u00fcberspringen, [FM, hStb, Stb, hStb, FM] in n\u00e4chste M, dann ab * noch 8 x wiederholen <\/p>\n\n\n\n<p>Faden abschneiden und Krone damit auf die Haare n\u00e4hen.<\/p>\n\n\n\n<p>Hier kommst du zur Video-Anleitung f\u00fcr die kleine Krone:<\/p>\n\n\n\n<figure class=\"wp-block-embed-youtube wp-block-embed is-type-video is-provider-youtube wp-embed-aspect-16-9 wp-has-aspect-ratio\"><div class=\"wp-block-embed__wrapper\">\n<iframe loading=\"lazy\" width=\"1020\" height=\"574\" src=\"https:\/\/www.youtube.com\/embed\/ISQk--miAlc?feature=oembed\" frameborder=\"0\" allow=\"accelerometer; autoplay; encrypted-media; gyroscope; picture-in-picture\" allowfullscreen><\/iframe>\n<\/div><\/figure>\n\n\n\n<p>Und schon sind wir mit der zweiten Krippenfigur fertig. Morgen geht es an den dritten K\u00f6nig oder Weisen.<\/p>\n\n\n\n<p>Du m\u00f6chtest immer als erstes benachrichtigt werden, wenn die neue Anleitung da ist? Dann abonnier am besten meinen Newsletter:<\/p>\n\n\n<p>[wysija_form id=&#8220;1&#8243;]<\/p>\n\n\n\n<p> <\/p>\n","protected":false},"excerpt":{"rendered":"<p>Heute h\u00e4keln wir den zweiten K\u00f6nig oder Weisen aus dem Morgenland. Sein besonderes Merkmal ist die kleine Krone, die seinen Kopf ziert. <\/p>\n","protected":false},"author":2,"featured_media":1930,"comment_status":"open","ping_status":"open","sticky":false,"template":"","format":"standard","meta":[],"categories":[16,30],"tags":[208,230,394,396,399,402],"_links":{"self":[{"href":"https:\/\/flauscheinhorn.mareikeschumacher.de\/index.php?rest_route=\/wp\/v2\/posts\/1803"}],"collection":[{"href":"https:\/\/flauscheinhorn.mareikeschumacher.de\/index.php?rest_route=\/wp\/v2\/posts"}],"about":[{"href":"https:\/\/flauscheinhorn.mareikeschumacher.de\/index.php?rest_route=\/wp\/v2\/types\/post"}],"author":[{"embeddable":true,"href":"https:\/\/flauscheinhorn.mareikeschumacher.de\/index.php?rest_route=\/wp\/v2\/users\/2"}],"replies":[{"embeddable":true,"href":"https:\/\/flauscheinhorn.mareikeschumacher.de\/index.php?rest_route=%2Fwp%2Fv2%2Fcomments&post=1803"}],"version-history":[{"count":0,"href":"https:\/\/flauscheinhorn.mareikeschumacher.de\/index.php?rest_route=\/wp\/v2\/posts\/1803\/revisions"}],"wp:featuredmedia":[{"embeddable":true,"href":"https:\/\/flauscheinhorn.mareikeschumacher.de\/index.php?rest_route=\/"}],"wp:attachment":[{"href":"https:\/\/flauscheinhorn.mareikeschumacher.de\/index.php?rest_route=%2Fwp%2Fv2%2Fmedia&parent=1803"}],"wp:term":[{"taxonomy":"category","embeddable":true,"href":"https:\/\/flauscheinhorn.mareikeschumacher.de\/index.php?rest_route=%2Fwp%2Fv2%2Fcategories&post=1803"},{"taxonomy":"post_tag","embeddable":true,"href":"https:\/\/flauscheinhorn.mareikeschumacher.de\/index.php?rest_route=%2Fwp%2Fv2%2Ftags&post=1803"}],"curies":[{"name":"wp","href":"https:\/\/api.w.org\/{rel}","templated":true}]}}